{"id":40828,"date":"2024-05-24T11:51:12","date_gmt":"2024-05-24T09:51:12","guid":{"rendered":"https:\/\/www.centroinnova.net\/convocatoria-celador-del-ics\/"},"modified":"2025-01-02T10:28:12","modified_gmt":"2025-01-02T09:28:12","slug":"convocatoria-zelador-de-lics","status":"publish","type":"post","link":"https:\/\/www.centroinnova.net\/ca\/convocatoria-zelador-de-lics\/","title":{"rendered":"Convocat\u00f2ria Zelador de l\u2019ICS"},"content":{"rendered":"<p>[et_pb_section fb_built=&#8221;1&#8243; _builder_version=&#8221;4.16&#8243; global_colors_info=&#8221;{}&#8221;][et_pb_row _builder_version=&#8221;4.16&#8243; background_size=&#8221;initial&#8221; background_position=&#8221;top_left&#8221; background_repeat=&#8221;repeat&#8221; global_colors_info=&#8221;{}&#8221;][et_pb_column type=&#8221;4_4&#8243; _builder_version=&#8221;4.16&#8243; custom_padding=&#8221;|||&#8221; global_colors_info=&#8221;{}&#8221; custom_padding__hover=&#8221;|||&#8221;][et_pb_text _builder_version=&#8221;4.27.4&#8243; background_size=&#8221;initial&#8221; background_position=&#8221;top_left&#8221; background_repeat=&#8221;repeat&#8221; hover_enabled=&#8221;0&#8243; global_colors_info=&#8221;{}&#8221; sticky_enabled=&#8221;0&#8243;]<\/p>\n<h2><strong>Convocat\u00f2ria Zelador de l\u2019ICS<\/strong><\/h2>\n<p>&nbsp;<\/p>\n<p style=\"text-align: justify;\"><span style=\"font-size: 12pt;\">Ets a temps de presentar-te a la propera convocat\u00f2ria d&#8217;oposicions a Zelador de l&#8217;ICS i aconseguir la teva pla\u00e7a. Estem esperant una nova convocat\u00f2ria per al 2025 i ja pots anar estudiant per poder treure la teva pla\u00e7a amb m\u00e9s probabilitats.<\/span><\/p>\n<p style=\"text-align: justify;\"><span style=\"font-size: 12pt;\">La Generalitat de Catalunya t\u00e9 en aquests moments una convocat\u00f2ria en vigor de les oposicions a Zelador de l&#8217;ICS.<\/span><\/p>\n<h3 style=\"text-align: justify;\"><span style=\"font-size: 12pt;\"><strong>Convocat\u00f2ria de les oposicions a Zelador de l&#8217;ICS<\/strong><\/span><\/h3>\n<p style=\"text-align: justify;\"><span style=\"font-size: 12pt;\">En la darrera convocat\u00f2ria s\u2019hi van oferir 188 places, 51 de les quals corresponents a places d&#8217;estabilitzaci\u00f3 i 137 a les OOP 2019, 2020 i 2021.<\/span><\/p>\n<p style=\"text-align: justify;\"><span style=\"font-size: 12pt;\">Per als futurs aspirants us expliquem els passos que heu de seguir per inscriure-us-hi.<\/span><\/p>\n<p style=\"text-align: justify;\"><span style=\"font-size: 12pt;\">La sol\u00b7licitud es fa a trav\u00e9s de mitjans electr\u00f2nics.<\/span><\/p>\n<p style=\"text-align: justify;\"><span style=\"font-size: 12pt;\">\u00c9s a dir, per accedir al formulari cal fer la seq\u00fc\u00e8ncia seg\u00fcent: www.ics.gencat.cat, despr\u00e9s seleccionem \u201cTreballeu a l&#8217;ICS\u201d, i posteriorment \u201cSistema de gesti\u00f3 de recursos humans\u201d.<\/span><\/p>\n<p style=\"text-align: justify;\"><span style=\"font-size: 12pt;\">Aqu\u00ed us identifiqueu i aix\u00ed podeu accedir a la inscripci\u00f3. Abans de fer-la, l&#8217;aspirant ha d&#8217;introduir a \u201cGestor de Curr\u00edculum\u201d el t\u00edtol acad\u00e8mic oficial per poder participar en la convocat\u00f2ria. \u00c9s obligatori.<img loading=\"lazy\" decoding=\"async\" class=\"wp-image-40782 size-full alignright\" src=\"https:\/\/www.centroinnova.net\/wp-content\/uploads\/2024\/05\/Celador-ICS-2024.jpg\" alt=\"Celador ICS 2024\" width=\"480\" height=\"320\" srcset=\"https:\/\/www.centroinnova.net\/wp-content\/uploads\/2024\/05\/Celador-ICS-2024.jpg 480w, https:\/\/www.centroinnova.net\/wp-content\/uploads\/2024\/05\/Celador-ICS-2024-300x200.jpg 300w\" sizes=\"(max-width: 480px) 100vw, 480px\" \/><\/span><\/p>\n<p style=\"text-align: justify;\"><span style=\"font-size: 12pt;\">Un cop finalitzada, els aspirants van abonar la quantitat de 24,90 \u20ac per les taxes de drets d&#8217;examen, en qu\u00e8 es va aplicar un descompte del 20 %. Si aquesta quantitat no s&#8217;ingressa, l&#8217;opositor no podr\u00e0 continuar en el proc\u00e9s.<\/span><\/p>\n<h3 style=\"text-align: justify;\"><span style=\"font-size: 12pt;\"><strong>Requisits per accedir al proc\u00e9s selectiu de zelador a Barcelona<\/strong><\/span><\/h3>\n<p style=\"text-align: justify;\"><span style=\"font-size: 12pt;\">Segons la darrera convocat\u00f2ria, els requisits per poder accedir al proc\u00e9s de selecci\u00f3 per a les oposicions a Zelador de l&#8217;ICS s\u00f3n els seg\u00fcents:<\/span><\/p>\n<ul style=\"text-align: justify;\">\n<li><span style=\"font-size: 12pt;\">Tenir nacionalitat espanyola o de qualsevol estat membre de la UE.<\/span><\/li>\n<li><span style=\"font-size: 12pt;\">Tenir fets 16 anys.<\/span><\/li>\n<li><span style=\"font-size: 12pt;\">No excedir l&#8217;edat de jubilaci\u00f3.<\/span><\/li>\n<li><span style=\"font-size: 12pt;\">Acreditar la capacitat f\u00edsica o ps\u00edquica necess\u00e0ria per exercir les funcions del lloc de treball.<\/span><\/li>\n<li><span style=\"font-size: 12pt;\">No estar inhabilitat ni separat mitjan\u00e7ant expedient disciplinari.<\/span><\/li>\n<li><span style=\"font-size: 12pt;\">Posseir el t\u00edtol d\u2019educaci\u00f3 secund\u00e0ria obligat\u00f2ria, certificat d\u2019EGB o equivalent.<\/span><\/li>\n<\/ul>\n<h3 style=\"text-align: justify;\"><span style=\"font-size: 12pt;\"><strong>Temari per a les oposicions a Zelador de l\u2019ICS 2025<\/strong><\/span><\/h3>\n<h4 style=\"text-align: justify;\"><span style=\"font-size: 12pt;\">TEMES GENERALS<\/span><\/h4>\n<ol style=\"text-align: justify;\">\n<li><span style=\"font-size: 12pt;\">La Llei d\u2019ordenaci\u00f3 sanit\u00e0ria de Catalunya. El sistema sanitari integral d\u2019utilitzaci\u00f3 p\u00fablica de Catalunya (SISCAT).<\/span><\/li>\n<li><span style=\"font-size: 12pt;\">L\u2019empresa p\u00fablica Institut Catal\u00e0 de la Salut. Missi\u00f3, visi\u00f3 i valors. R\u00e8gim jur\u00eddic, objectius, funcions i principis de gesti\u00f3. Organitzaci\u00f3 de l\u2019Institut Catal\u00e0 de la Salut. Els Estatuts de l\u2019Institut Catal\u00e0 de la Salut. Compet\u00e8ncies de l\u2019Institut Catal\u00e0 de la Salut.<\/span><\/li>\n<li><span style=\"font-size: 12pt;\">L\u2019Estatut marc del personal estatutari dels serveis de salut: objecte, \u00e0mbit d\u2019aplicaci\u00f3, drets i deures, adquisici\u00f3 i p\u00e8rdua de la condici\u00f3 de personal estatutari, actualitzaci\u00f3 de coneixements, retribucions, incompatibilitats.<\/span><\/li>\n<li><span style=\"font-size: 12pt;\">L\u2019Estatut b\u00e0sic de l\u2019empleat p\u00fablic: objecte i \u00e0mbit d\u2019aplicaci\u00f3, codi de conducta dels empleats p\u00fablics.<\/span><\/li>\n<li><span style=\"font-size: 12pt;\">Sistemes d&#8217;incentivaci\u00f3 i promoci\u00f3 professionals: la carrera professional, la direcci\u00f3 per objectius i la retribuci\u00f3 variable.<\/span><\/li>\n<li><span style=\"font-size: 12pt;\">Llei org\u00e0nica 15\/1999, de 13 de desembre, de protecci\u00f3 de dades de car\u00e0cter personal: \u00e0mbit d&#8217;aplicaci\u00f3, conceptes b\u00e0sics, principis de la protecci\u00f3 de dades.<\/span><\/li>\n<li><span style=\"font-size: 12pt;\">Llei de prevenci\u00f3 de riscos laborals.<\/span><\/li>\n<li><span style=\"font-size: 12pt;\">Llei 17\/2015, de 21 de juliol, d&#8217;igualtat efectiva de dones i homes: objecte i finalitats. Principis d\u2019actuaci\u00f3 dels poders p\u00fablics. Llei 5\/2008, de 24 d&#8217;abril, del dret de les dones a erradicar la viol\u00e8ncia masclista: objecte i finalitat.<\/span><\/li>\n<li><span style=\"font-size: 12pt;\">Principis generals de la bio\u00e8tica. El secret professional: concepte i regulaci\u00f3 jur\u00eddica.<\/span><\/li>\n<li><span style=\"font-size: 12pt;\">Qualitat: concepte i definici\u00f3. Qualitat t\u00e8cnica i qualitat percebuda: concepte. El cicle de millora cont\u00ednua: planificar, implantar, avaluar i activar (cicle PDCA). Resoluci\u00f3 de problemes: el diagrama causa-efecte.<\/span><\/li>\n<li><span style=\"font-size: 12pt;\">Ofim\u00e0tica. Intranet, internet, correu electr\u00f2nic. Acc\u00e9s i continguts d\u2019atenci\u00f3 als professionals mitjan\u00e7ant el lloc web per als professionals de l\u2019Institut Catal\u00e0 de la Salut.<\/span><\/li>\n<\/ol>\n<h4 style=\"text-align: justify;\"><span style=\"font-size: 12pt;\">TEMES ESPEC\u00cdFICS<\/span><\/h4>\n<ol style=\"text-align: justify;\">\n<li><span style=\"font-size: 12pt;\">Jornada de treball, permisos i llic\u00e8ncies. Situacions del personal estatutari. R\u00e8gim disciplinari. Incompatibilitats.<\/span><\/li>\n<li><span style=\"font-size: 12pt;\">Les funcions de zelador en els centres hospitalaris i d\u2019atenci\u00f3 prim\u00e0ria de l\u2019Institut Catal\u00e0 de la Salut. Facturaci\u00f3 a tercers: sup\u00f2sits i conceptes facturables. Normes b\u00e0siques de funcionament d\u2019instal\u00b7lacions d\u2019electricitat, gas, aigua, calefacci\u00f3, aire condicionat i alarmes.<\/span><\/li>\n<li><span style=\"font-size: 12pt;\">Atenci\u00f3 a la ciutadania. Atenci\u00f3 integral: personal, telef\u00f2nica, escrita; atenci\u00f3 al p\u00fablic culturalment divers. Iniciatives, reclamacions, queixes, suggeriments, agra\u00efments i peticions. Habilitats socials i comunicatives. El dret a la informaci\u00f3 i la confidencialitat.<\/span><\/li>\n<li><span style=\"font-size: 12pt;\">Hist\u00f2ries cl\u00edniques: concepte i confidencialitat. T\u00e8cniques de control d\u2019arxiu i documentaci\u00f3. Conservaci\u00f3 o destrucci\u00f3 de documents. Gesti\u00f3 de documents electr\u00f2nics.<\/span><\/li>\n<li><span style=\"font-size: 12pt;\">Introducci\u00f3 a la inform\u00e0tica. Ofim\u00e0tica b\u00e0sica: 1) Microsoft Word, nivell b\u00e0sic: elements de l&#8217;entorn Word, edici\u00f3 b\u00e0sica de Word, gesti\u00f3 de fitxers (obrir, desar i crear documents nous). 2) Microsoft Excel, nivell b\u00e0sic: l&#8217;entorn del programa Excel, cel\u00b7les, llibres (crear, guardar i recuperar), rang, files i columnes, cercar i reempla\u00e7ar, format de cel\u00b7la, format de p\u00e0gina i impressi\u00f3, fulls i llibre, f\u00f3rmules i funcions, finestres.<\/span><\/li>\n<li><span style=\"font-size: 12pt;\">Prevenci\u00f3 de riscos laborals: riscos a l&#8217;\u00e0mbit sanitari. Risc biol\u00f2gic, tipus d\u2019agents biol\u00f2gics, vies d\u2019entrada i contagi; actuacions preventives b\u00e0siques quant al risc biol\u00f2gic.<\/span><\/li>\n<li><span style=\"font-size: 12pt;\">Perfil competencial: adequaci\u00f3 al canvi i flexibilitat. Orientaci\u00f3 al servei. Treball en equip i cooperaci\u00f3. Capacitat resolutiva i presa de decisions. Comunicaci\u00f3 i persuasi\u00f3. Planificaci\u00f3, organitzaci\u00f3 i prioritzaci\u00f3.<\/span><\/li>\n<\/ol>\n<h3 style=\"text-align: justify;\"><span style=\"font-size: 12pt;\"><strong>Proves selectives de la convocat\u00f2ria de Zelador de la Generalitat de Catalunya<\/strong><\/span><\/h3>\n<p style=\"text-align: justify;\"><span style=\"font-size: 12pt;\">Us expliquem com \u00e9s el proc\u00e9s de selecci\u00f3 d&#8217;aquestes oposicions a zelador de l&#8217;ICS el 2025.<\/span><\/p>\n<p style=\"text-align: justify;\"><span style=\"font-size: 12pt;\">Les proves es faran pel sistema de concurs oposici\u00f3. La fase d\u2019oposici\u00f3 t\u00e9 car\u00e0cter obligatori i eliminatori. Aquestes proves consten de tres exercicis, encara que el tercer no t\u00e9 car\u00e0cter eliminatori.<\/span><\/p>\n<p style=\"text-align: justify;\"><span style=\"font-size: 12pt;\">Les proves primera i tercera es faran el mateix dia.<\/span><\/p>\n<p style=\"text-align: justify;\"><span style=\"font-size: 12pt;\">La primera prova consta de dos exercicis tipus test. Un amb preguntes relacionades amb el contingut propi de la categoria. L\u2019altre, un cas pr\u00e0ctic.<\/span><\/p>\n<p style=\"text-align: justify;\"><span style=\"font-size: 12pt;\">La segona prova tamb\u00e9 est\u00e0 dividida en dues parts. Una avaluar\u00e0 els coneixements de llengua catalana. Es far\u00e0 una avaluaci\u00f3 de l\u2019expressi\u00f3 escrita i de l\u2019expressi\u00f3 oral.<\/span><\/p>\n<p style=\"text-align: justify;\"><span style=\"font-size: 12pt;\">La segona avaluar\u00e0 els coneixements de la llengua espanyola.<\/span><\/p>\n<p style=\"text-align: justify;\"><span style=\"font-size: 12pt;\">La tercera prova consisteix a avaluar el perfil competencial del zelador. Per sort, aquesta prova no t\u00e9 car\u00e0cter eliminatori.<\/span><\/p>\n<p style=\"text-align: justify;\"><span style=\"font-size: 12pt;\">Finalment, un cop finalitzades les proves, el tribunal qualificador publicar\u00e0 els resultats, tenint l&#8217;alumne 10 dies h\u00e0bils per fer les al\u00b7legacions pertinents.<\/span><\/p>\n<p style=\"text-align: justify;\"><span style=\"font-size: 12pt;\">Un cop resoltes aquestes al\u00b7legacions, es publicar\u00e0 el resultat definitiu.<\/span><\/p>\n<h3 style=\"text-align: justify;\"><span style=\"font-size: 12pt;\"><strong>Funcions del zelador a Barcelona<\/strong><\/span><\/h3>\n<p style=\"text-align: justify;\"><span style=\"font-size: 12pt;\"><strong>\u00a0<\/strong><\/span><\/p>\n<p style=\"text-align: justify;\"><span style=\"font-size: 12pt;\">Algunes de les seves funcions o tasques m\u00e9s generals s\u00f3n les seg\u00fcents:<\/span><\/p>\n<ul style=\"text-align: justify;\">\n<li><span style=\"font-size: 12pt;\">Ajudar el personal sanitari en les tasques ordin\u00e0ries.<\/span><\/li>\n<li><span style=\"font-size: 12pt;\">Mobilitzar els pacients. Trasllats de planta, a quir\u00f2fan, etc.<\/span><\/li>\n<li><span style=\"font-size: 12pt;\">Acomodar els pacients a la seva habitaci\u00f3.<\/span><\/li>\n<li><span style=\"font-size: 12pt;\">Informar sobre desperfectes de l\u2019edifici.<\/span><\/li>\n<li><span style=\"font-size: 12pt;\">Labor de vigil\u00e0ncia mantenint ordre i silenci.<\/span><\/li>\n<li><span style=\"font-size: 12pt;\">Traslladar objectes i documents.<\/span><\/li>\n<li><span style=\"font-size: 12pt;\">Prestar serveis de gu\u00e0rdia.<\/span><\/li>\n<\/ul>\n<h3 style=\"text-align: justify;\"><span style=\"font-size: 12pt;\"><strong>Innova t&#8217;ajuda a treballar com a zelador de l&#8217;ICS<\/strong><\/span><\/h3>\n<p style=\"text-align: justify;\"><span style=\"font-size: 12pt;\">Si finalment t&#8217;has animat i t&#8217;est\u00e0s plantejant aconseguir la teva pla\u00e7a com a zelador de l&#8217;ICS, ets a temps d&#8217;apuntar-te a l&#8217;acad\u00e8mia Innova Barcelona i gaudir de tots els avantatges.<\/span><\/p>\n<p style=\"text-align: justify;\"><span style=\"font-size: 12pt;\">Tenim professors altament capacitats i temari totalment actualitzat, i fem tests i simulacres perqu\u00e8 vagis el millor preparat possible el dia de l&#8217;examen.<\/span><\/p>\n<p style=\"text-align: justify;\"><span style=\"font-size: 12pt;\">Truca&#8217;ns o omple el formulari i ens posarem en contacte amb tu per resoldre tots els teus dubtes. Aprofita l&#8217;oportunitat!<\/span><\/p>\n<p>[\/et_pb_text][\/et_pb_column][\/et_pb_row][\/et_pb_section][et_pb_section fb_built=&#8221;1&#8243; custom_padding_last_edited=&#8221;on|phone&#8221; disabled_on=&#8221;on|on|off&#8221; module_id=&#8221;Contactar&#8221; _builder_version=&#8221;4.18.0&#8243; _module_preset=&#8221;default&#8221; background_image=&#8221;https:\/\/www.centroinnova.net\/wp-content\/uploads\/2022\/09\/oposiciones-centro-innova-1.png&#8221; custom_margin=&#8221;||||false|false&#8221; custom_padding=&#8221;93px||||false|false&#8221; custom_padding_tablet=&#8221;&#8221; custom_padding_phone=&#8221;0px||||false|false&#8221; background_last_edited=&#8221;on|phone&#8221; background_image_phone=&#8221;https:\/\/www.centroinnova.net\/wp-content\/uploads\/2021\/05\/formulario-innova.jpg&#8221; background_enable_image_phone=&#8221;on&#8221; background_size_phone=&#8221;initial&#8221; saved_tabs=&#8221;all&#8221; locked=&#8221;off&#8221; global_colors_info=&#8221;{}&#8221;][et_pb_row column_structure=&#8221;2_3,1_3&#8243; use_custom_gutter=&#8221;on&#8221; gutter_width=&#8221;4&#8243; make_equal=&#8221;on&#8221; _builder_version=&#8221;4.23.1&#8243; _module_preset=&#8221;default&#8221; width_tablet=&#8221;&#8221; width_phone=&#8221;90%&#8221; width_last_edited=&#8221;on|desktop&#8221; max_width=&#8221;1157px&#8221; module_alignment=&#8221;center&#8221; custom_margin=&#8221;|31px||auto|false|false&#8221; custom_padding=&#8221;119px|0px|0px||false|false&#8221; global_colors_info=&#8221;{}&#8221;][et_pb_column type=&#8221;2_3&#8243; _builder_version=&#8221;4.18.0&#8243; _module_preset=&#8221;default&#8221; custom_padding=&#8221;|||86px|false|false&#8221; global_colors_info=&#8221;{}&#8221;][et_pb_text disabled_on=&#8221;on|on|off&#8221; _builder_version=&#8221;4.23.1&#8243; _module_preset=&#8221;default&#8221; text_font=&#8221;Raleway|900|||||||&#8221; text_text_color=&#8221;#FFFFFF&#8221; text_font_size=&#8221;78px&#8221; text_letter_spacing=&#8221;2px&#8221; text_line_height=&#8221;1.1em&#8221; header_2_font=&#8221;Raleway|900|||||||&#8221; header_2_text_align=&#8221;left&#8221; header_2_text_color=&#8221;#FFFFFF&#8221; header_2_font_size=&#8221;70px&#8221; header_2_letter_spacing=&#8221;3px&#8221; header_2_line_height=&#8221;1.2em&#8221; header_3_font=&#8221;Raleway|900|||||||&#8221; header_3_text_color=&#8221;#FFFFFF&#8221; header_3_font_size=&#8221;55px&#8221; width=&#8221;99.9%&#8221; custom_margin=&#8221;16px|-10px|||false|false&#8221; custom_margin_tablet=&#8221;&#8221; custom_margin_phone=&#8221;0px||||false|false&#8221; custom_margin_last_edited=&#8221;on|phone&#8221; custom_padding=&#8221;0px||||false|false&#8221; text_font_size_tablet=&#8221;&#8221; text_font_size_phone=&#8221;&#8221; text_font_size_last_edited=&#8221;on|desktop&#8221; header_2_font_size_tablet=&#8221;&#8221; header_2_font_size_phone=&#8221;45px&#8221; header_2_font_size_last_edited=&#8221;on|phone&#8221; header_3_font_size_tablet=&#8221;&#8221; header_3_font_size_phone=&#8221;45px&#8221; header_3_font_size_last_edited=&#8221;on|phone&#8221; global_colors_info=&#8221;{}&#8221;]<\/p>\n<p style=\"text-align: left;\">Informa&#8217;t Gratis i sense Comprom\u00eds<\/p>\n<p>[\/et_pb_text][\/et_pb_column][et_pb_column type=&#8221;1_3&#8243; _builder_version=&#8221;4.18.0&#8243; _module_preset=&#8221;default&#8221; custom_padding=&#8221;|0px||0px|false|false&#8221; global_colors_info=&#8221;{}&#8221;][et_pb_code _builder_version=&#8221;4.25.1&#8243; _module_preset=&#8221;default&#8221; custom_margin=&#8221;|||-75px|false|false&#8221; global_colors_info=&#8221;{}&#8221;]<iframe loading=\"lazy\" src=\"https:\/\/www.centroinnova.net\/forms\/form.php\" width=\"400\" height=\"600\" frameborder=\"0\" scrolling=\"no\"><\/iframe>[\/et_pb_code][\/et_pb_column][\/et_pb_row][\/et_pb_section][et_pb_section fb_built=&#8221;1&#8243; custom_padding_last_edited=&#8221;on|phone&#8221; disabled_on=&#8221;off|off|on&#8221; module_id=&#8221;Contactar&#8221; _builder_version=&#8221;4.18.0&#8243; _module_preset=&#8221;default&#8221; background_image=&#8221;https:\/\/www.centroinnova.net\/wp-content\/uploads\/2022\/09\/oposiciones-centro-innova-1.png&#8221; custom_margin=&#8221;||||false|false&#8221; custom_padding=&#8221;93px||||false|false&#8221; custom_padding_tablet=&#8221;&#8221; custom_padding_phone=&#8221;0px||||false|false&#8221; background_last_edited=&#8221;on|phone&#8221; background_image_phone=&#8221;https:\/\/www.centroinnova.net\/wp-content\/uploads\/2021\/05\/formulario-innova.jpg&#8221; background_enable_image_phone=&#8221;on&#8221; background_size_phone=&#8221;initial&#8221; saved_tabs=&#8221;all&#8221; locked=&#8221;off&#8221; global_colors_info=&#8221;{}&#8221;][et_pb_row use_custom_gutter=&#8221;on&#8221; gutter_width=&#8221;4&#8243; make_equal=&#8221;on&#8221; _builder_version=&#8221;4.23.1&#8243; _module_preset=&#8221;default&#8221; width_tablet=&#8221;&#8221; width_phone=&#8221;90%&#8221; width_last_edited=&#8221;on|desktop&#8221; max_width=&#8221;1157px&#8221; module_alignment=&#8221;center&#8221; custom_margin=&#8221;|31px||auto|false|false&#8221; custom_padding=&#8221;119px|0px|0px||false|false&#8221; global_colors_info=&#8221;{}&#8221;][et_pb_column type=&#8221;4_4&#8243; _builder_version=&#8221;4.18.0&#8243; _module_preset=&#8221;default&#8221; custom_padding=&#8221;|||86px|false|false&#8221; global_colors_info=&#8221;{}&#8221;][et_pb_code _builder_version=&#8221;4.25.1&#8243; _module_preset=&#8221;default&#8221; custom_margin=&#8221;|||-75px|false|false&#8221; global_colors_info=&#8221;{}&#8221;]<iframe loading=\"lazy\" src=\"https:\/\/www.centroinnova.net\/forms\/form.php\" width=\"400\" height=\"600\" frameborder=\"0\" scrolling=\"no\"><\/iframe>[\/et_pb_code][\/et_pb_column][\/et_pb_row][\/et_pb_section]<\/p>\n<span class=\"et_bloom_bottom_trigger\"><\/span>","protected":false},"excerpt":{"rendered":"<p>Convocat\u00f2ria Zelador de l\u2019ICS &nbsp; Ets a temps de presentar-te a la propera convocat\u00f2ria d&#8217;oposicions a Zelador de l&#8217;ICS i aconseguir la teva pla\u00e7a. Estem esperant una nova convocat\u00f2ria per al 2025 i ja pots anar estudiant per poder treure la teva pla\u00e7a amb m\u00e9s probabilitats. La Generalitat de Catalunya t\u00e9 en aquests moments una [&hellip;]<\/p>\n","protected":false},"author":5,"featured_media":40784,"comment_status":"open","ping_status":"closed","sticky":false,"template":"","format":"standard","meta":{"_et_pb_use_builder":"on","_et_pb_old_content":"","_et_gb_content_width":"","om_disable_all_campaigns":false,"_monsterinsights_skip_tracking":false,"_monsterinsights_sitenote_active":false,"_monsterinsights_sitenote_note":"","_monsterinsights_sitenote_category":0,"_uf_show_specific_survey":0,"_uf_disable_surveys":false,"footnotes":""},"categories":[161],"tags":[],"class_list":["post-40828","post","type-post","status-publish","format-standard","has-post-thumbnail","hentry","category-oposicions-generalitat-catalunya"],"yoast_head":"<!-- This site is optimized with the Yoast SEO Premium plugin v23.7 (Yoast SEO v27.5) - https:\/\/yoast.com\/product\/yoast-seo-premium-wordpress\/ -->\n<title>Convocat\u00f2ria Zelador de l\u2019ICS<\/title>\n<meta name=\"description\" content=\"Convocat\u00f2ria Zelador de l\u2019ICS. La Generalitat t\u00e9 en aquests moments una convocat\u00f2ria en vigor de les oposicions a Zelador de l&#039;ICS.\" \/>\n<meta name=\"robots\" content=\"index, follow, max-snippet:-1, max-image-preview:large, max-video-preview:-1\" \/>\n<link rel=\"canonical\" href=\"https:\/\/www.centroinnova.net\/ca\/convocatoria-zelador-de-lics\/\" \/>\n<meta property=\"og:locale\" content=\"ca_ES\" \/>\n<meta property=\"og:type\" content=\"article\" \/>\n<meta property=\"og:title\" content=\"Convocat\u00f2ria Zelador de l\u2019ICS\" \/>\n<meta property=\"og:url\" content=\"https:\/\/www.centroinnova.net\/ca\/convocatoria-zelador-de-lics\/\" \/>\n<meta property=\"og:site_name\" content=\"academia de oposiciones en Madrid | Centro Innova\" \/>\n<meta property=\"article:publisher\" content=\"https:\/\/www.facebook.com\/InnovaAcademiaOposiciones\" \/>\n<meta property=\"article:published_time\" content=\"2024-05-24T09:51:12+00:00\" \/>\n<meta property=\"article:modified_time\" content=\"2025-01-02T09:28:12+00:00\" \/>\n<meta property=\"og:image\" content=\"https:\/\/www.centroinnova.net\/wp-content\/uploads\/2024\/05\/Convocatoria-Celador-ICS.jpg\" \/>\n\t<meta property=\"og:image:width\" content=\"480\" \/>\n\t<meta property=\"og:image:height\" content=\"320\" \/>\n\t<meta property=\"og:image:type\" content=\"image\/jpeg\" \/>\n<meta name=\"author\" content=\"MasterInnova\" \/>\n<meta name=\"twitter:card\" content=\"summary_large_image\" \/>\n<meta name=\"twitter:creator\" content=\"@InnovaOposicion\" \/>\n<meta name=\"twitter:site\" content=\"@InnovaOposicion\" \/>\n<meta name=\"twitter:label1\" content=\"Escrit per\" \/>\n\t<meta name=\"twitter:data1\" content=\"MasterInnova\" \/>\n\t<meta name=\"twitter:label2\" content=\"Temps estimat de lectura\" \/>\n\t<meta name=\"twitter:data2\" content=\"6 minuts\" \/>\n<script type=\"application\/ld+json\" class=\"yoast-schema-graph\">{\"@context\":\"https:\\\/\\\/schema.org\",\"@graph\":[{\"@type\":\"Article\",\"@id\":\"https:\\\/\\\/www.centroinnova.net\\\/ca\\\/convocatoria-zelador-de-lics\\\/#article\",\"isPartOf\":{\"@id\":\"https:\\\/\\\/www.centroinnova.net\\\/ca\\\/convocatoria-zelador-de-lics\\\/\"},\"author\":{\"name\":\"MasterInnova\",\"@id\":\"https:\\\/\\\/www.centroinnova.net\\\/ca\\\/#\\\/schema\\\/person\\\/469cd4f9bc148fe51f67e2fd65fcb881\"},\"headline\":\"Convocat\u00f2ria Zelador de l\u2019ICS\",\"datePublished\":\"2024-05-24T09:51:12+00:00\",\"dateModified\":\"2025-01-02T09:28:12+00:00\",\"mainEntityOfPage\":{\"@id\":\"https:\\\/\\\/www.centroinnova.net\\\/ca\\\/convocatoria-zelador-de-lics\\\/\"},\"wordCount\":1876,\"commentCount\":0,\"image\":{\"@id\":\"https:\\\/\\\/www.centroinnova.net\\\/ca\\\/convocatoria-zelador-de-lics\\\/#primaryimage\"},\"thumbnailUrl\":\"https:\\\/\\\/www.centroinnova.net\\\/wp-content\\\/uploads\\\/2024\\\/05\\\/Convocatoria-Celador-ICS.jpg\",\"articleSection\":[\"Oposicions Generalitat Catalunya\"],\"inLanguage\":\"ca\",\"potentialAction\":[{\"@type\":\"CommentAction\",\"name\":\"Comment\",\"target\":[\"https:\\\/\\\/www.centroinnova.net\\\/ca\\\/convocatoria-zelador-de-lics\\\/#respond\"]}]},{\"@type\":[\"WebPage\",\"ItemPage\"],\"@id\":\"https:\\\/\\\/www.centroinnova.net\\\/ca\\\/convocatoria-zelador-de-lics\\\/\",\"url\":\"https:\\\/\\\/www.centroinnova.net\\\/ca\\\/convocatoria-zelador-de-lics\\\/\",\"name\":\"Convocat\u00f2ria Zelador de l\u2019ICS\",\"isPartOf\":{\"@id\":\"https:\\\/\\\/www.centroinnova.net\\\/ca\\\/#website\"},\"primaryImageOfPage\":{\"@id\":\"https:\\\/\\\/www.centroinnova.net\\\/ca\\\/convocatoria-zelador-de-lics\\\/#primaryimage\"},\"image\":{\"@id\":\"https:\\\/\\\/www.centroinnova.net\\\/ca\\\/convocatoria-zelador-de-lics\\\/#primaryimage\"},\"thumbnailUrl\":\"https:\\\/\\\/www.centroinnova.net\\\/wp-content\\\/uploads\\\/2024\\\/05\\\/Convocatoria-Celador-ICS.jpg\",\"datePublished\":\"2024-05-24T09:51:12+00:00\",\"dateModified\":\"2025-01-02T09:28:12+00:00\",\"author\":{\"@id\":\"https:\\\/\\\/www.centroinnova.net\\\/ca\\\/#\\\/schema\\\/person\\\/469cd4f9bc148fe51f67e2fd65fcb881\"},\"description\":\"Convocat\u00f2ria Zelador de l\u2019ICS. La Generalitat t\u00e9 en aquests moments una convocat\u00f2ria en vigor de les oposicions a Zelador de l'ICS.\",\"breadcrumb\":{\"@id\":\"https:\\\/\\\/www.centroinnova.net\\\/ca\\\/convocatoria-zelador-de-lics\\\/#breadcrumb\"},\"inLanguage\":\"ca\",\"potentialAction\":[{\"@type\":\"ReadAction\",\"target\":[\"https:\\\/\\\/www.centroinnova.net\\\/ca\\\/convocatoria-zelador-de-lics\\\/\"]}]},{\"@type\":\"ImageObject\",\"inLanguage\":\"ca\",\"@id\":\"https:\\\/\\\/www.centroinnova.net\\\/ca\\\/convocatoria-zelador-de-lics\\\/#primaryimage\",\"url\":\"https:\\\/\\\/www.centroinnova.net\\\/wp-content\\\/uploads\\\/2024\\\/05\\\/Convocatoria-Celador-ICS.jpg\",\"contentUrl\":\"https:\\\/\\\/www.centroinnova.net\\\/wp-content\\\/uploads\\\/2024\\\/05\\\/Convocatoria-Celador-ICS.jpg\",\"width\":480,\"height\":320,\"caption\":\"Convocatoria Celador ICS\"},{\"@type\":\"BreadcrumbList\",\"@id\":\"https:\\\/\\\/www.centroinnova.net\\\/ca\\\/convocatoria-zelador-de-lics\\\/#breadcrumb\",\"itemListElement\":[{\"@type\":\"ListItem\",\"position\":1,\"name\":\"Inicio\",\"item\":\"https:\\\/\\\/www.centroinnova.net\\\/ca\\\/\"},{\"@type\":\"ListItem\",\"position\":2,\"name\":\"Convocat\u00f2ria Zelador de l\u2019ICS\"}]},{\"@type\":\"WebSite\",\"@id\":\"https:\\\/\\\/www.centroinnova.net\\\/ca\\\/#website\",\"url\":\"https:\\\/\\\/www.centroinnova.net\\\/ca\\\/\",\"name\":\"academia de oposiciones en Madrid | Centro Innova\",\"description\":\"academia de oposiciones en Madrid | Sevilla | Santiago\",\"potentialAction\":[{\"@type\":\"SearchAction\",\"target\":{\"@type\":\"EntryPoint\",\"urlTemplate\":\"https:\\\/\\\/www.centroinnova.net\\\/ca\\\/?s={search_term_string}\"},\"query-input\":{\"@type\":\"PropertyValueSpecification\",\"valueRequired\":true,\"valueName\":\"search_term_string\"}}],\"inLanguage\":\"ca\"},{\"@type\":\"Person\",\"@id\":\"https:\\\/\\\/www.centroinnova.net\\\/ca\\\/#\\\/schema\\\/person\\\/469cd4f9bc148fe51f67e2fd65fcb881\",\"name\":\"MasterInnova\",\"image\":{\"@type\":\"ImageObject\",\"inLanguage\":\"ca\",\"@id\":\"https:\\\/\\\/secure.gravatar.com\\\/avatar\\\/9bf69246e68f8fa9721cc29ec236bd9daee6f76dfca26b3ddd7625676a5c2f9c?s=96&d=blank&r=g\",\"url\":\"https:\\\/\\\/secure.gravatar.com\\\/avatar\\\/9bf69246e68f8fa9721cc29ec236bd9daee6f76dfca26b3ddd7625676a5c2f9c?s=96&d=blank&r=g\",\"contentUrl\":\"https:\\\/\\\/secure.gravatar.com\\\/avatar\\\/9bf69246e68f8fa9721cc29ec236bd9daee6f76dfca26b3ddd7625676a5c2f9c?s=96&d=blank&r=g\",\"caption\":\"MasterInnova\"}}]}<\/script>\n<!-- \/ Yoast SEO Premium plugin. -->","yoast_head_json":{"title":"Convocat\u00f2ria Zelador de l\u2019ICS","description":"Convocat\u00f2ria Zelador de l\u2019ICS. La Generalitat t\u00e9 en aquests moments una convocat\u00f2ria en vigor de les oposicions a Zelador de l'ICS.","robots":{"index":"index","follow":"follow","max-snippet":"max-snippet:-1","max-image-preview":"max-image-preview:large","max-video-preview":"max-video-preview:-1"},"canonical":"https:\/\/www.centroinnova.net\/ca\/convocatoria-zelador-de-lics\/","og_locale":"ca_ES","og_type":"article","og_title":"Convocat\u00f2ria Zelador de l\u2019ICS","og_url":"https:\/\/www.centroinnova.net\/ca\/convocatoria-zelador-de-lics\/","og_site_name":"academia de oposiciones en Madrid | Centro Innova","article_publisher":"https:\/\/www.facebook.com\/InnovaAcademiaOposiciones","article_published_time":"2024-05-24T09:51:12+00:00","article_modified_time":"2025-01-02T09:28:12+00:00","og_image":[{"width":480,"height":320,"url":"https:\/\/www.centroinnova.net\/wp-content\/uploads\/2024\/05\/Convocatoria-Celador-ICS.jpg","type":"image\/jpeg"}],"author":"MasterInnova","twitter_card":"summary_large_image","twitter_creator":"@InnovaOposicion","twitter_site":"@InnovaOposicion","twitter_misc":{"Escrit per":"MasterInnova","Temps estimat de lectura":"6 minuts"},"schema":{"@context":"https:\/\/schema.org","@graph":[{"@type":"Article","@id":"https:\/\/www.centroinnova.net\/ca\/convocatoria-zelador-de-lics\/#article","isPartOf":{"@id":"https:\/\/www.centroinnova.net\/ca\/convocatoria-zelador-de-lics\/"},"author":{"name":"MasterInnova","@id":"https:\/\/www.centroinnova.net\/ca\/#\/schema\/person\/469cd4f9bc148fe51f67e2fd65fcb881"},"headline":"Convocat\u00f2ria Zelador de l\u2019ICS","datePublished":"2024-05-24T09:51:12+00:00","dateModified":"2025-01-02T09:28:12+00:00","mainEntityOfPage":{"@id":"https:\/\/www.centroinnova.net\/ca\/convocatoria-zelador-de-lics\/"},"wordCount":1876,"commentCount":0,"image":{"@id":"https:\/\/www.centroinnova.net\/ca\/convocatoria-zelador-de-lics\/#primaryimage"},"thumbnailUrl":"https:\/\/www.centroinnova.net\/wp-content\/uploads\/2024\/05\/Convocatoria-Celador-ICS.jpg","articleSection":["Oposicions Generalitat Catalunya"],"inLanguage":"ca","potentialAction":[{"@type":"CommentAction","name":"Comment","target":["https:\/\/www.centroinnova.net\/ca\/convocatoria-zelador-de-lics\/#respond"]}]},{"@type":["WebPage","ItemPage"],"@id":"https:\/\/www.centroinnova.net\/ca\/convocatoria-zelador-de-lics\/","url":"https:\/\/www.centroinnova.net\/ca\/convocatoria-zelador-de-lics\/","name":"Convocat\u00f2ria Zelador de l\u2019ICS","isPartOf":{"@id":"https:\/\/www.centroinnova.net\/ca\/#website"},"primaryImageOfPage":{"@id":"https:\/\/www.centroinnova.net\/ca\/convocatoria-zelador-de-lics\/#primaryimage"},"image":{"@id":"https:\/\/www.centroinnova.net\/ca\/convocatoria-zelador-de-lics\/#primaryimage"},"thumbnailUrl":"https:\/\/www.centroinnova.net\/wp-content\/uploads\/2024\/05\/Convocatoria-Celador-ICS.jpg","datePublished":"2024-05-24T09:51:12+00:00","dateModified":"2025-01-02T09:28:12+00:00","author":{"@id":"https:\/\/www.centroinnova.net\/ca\/#\/schema\/person\/469cd4f9bc148fe51f67e2fd65fcb881"},"description":"Convocat\u00f2ria Zelador de l\u2019ICS. La Generalitat t\u00e9 en aquests moments una convocat\u00f2ria en vigor de les oposicions a Zelador de l'ICS.","breadcrumb":{"@id":"https:\/\/www.centroinnova.net\/ca\/convocatoria-zelador-de-lics\/#breadcrumb"},"inLanguage":"ca","potentialAction":[{"@type":"ReadAction","target":["https:\/\/www.centroinnova.net\/ca\/convocatoria-zelador-de-lics\/"]}]},{"@type":"ImageObject","inLanguage":"ca","@id":"https:\/\/www.centroinnova.net\/ca\/convocatoria-zelador-de-lics\/#primaryimage","url":"https:\/\/www.centroinnova.net\/wp-content\/uploads\/2024\/05\/Convocatoria-Celador-ICS.jpg","contentUrl":"https:\/\/www.centroinnova.net\/wp-content\/uploads\/2024\/05\/Convocatoria-Celador-ICS.jpg","width":480,"height":320,"caption":"Convocatoria Celador ICS"},{"@type":"BreadcrumbList","@id":"https:\/\/www.centroinnova.net\/ca\/convocatoria-zelador-de-lics\/#breadcrumb","itemListElement":[{"@type":"ListItem","position":1,"name":"Inicio","item":"https:\/\/www.centroinnova.net\/ca\/"},{"@type":"ListItem","position":2,"name":"Convocat\u00f2ria Zelador de l\u2019ICS"}]},{"@type":"WebSite","@id":"https:\/\/www.centroinnova.net\/ca\/#website","url":"https:\/\/www.centroinnova.net\/ca\/","name":"academia de oposiciones en Madrid | Centro Innova","description":"academia de oposiciones en Madrid | Sevilla | Santiago","potentialAction":[{"@type":"SearchAction","target":{"@type":"EntryPoint","urlTemplate":"https:\/\/www.centroinnova.net\/ca\/?s={search_term_string}"},"query-input":{"@type":"PropertyValueSpecification","valueRequired":true,"valueName":"search_term_string"}}],"inLanguage":"ca"},{"@type":"Person","@id":"https:\/\/www.centroinnova.net\/ca\/#\/schema\/person\/469cd4f9bc148fe51f67e2fd65fcb881","name":"MasterInnova","image":{"@type":"ImageObject","inLanguage":"ca","@id":"https:\/\/secure.gravatar.com\/avatar\/9bf69246e68f8fa9721cc29ec236bd9daee6f76dfca26b3ddd7625676a5c2f9c?s=96&d=blank&r=g","url":"https:\/\/secure.gravatar.com\/avatar\/9bf69246e68f8fa9721cc29ec236bd9daee6f76dfca26b3ddd7625676a5c2f9c?s=96&d=blank&r=g","contentUrl":"https:\/\/secure.gravatar.com\/avatar\/9bf69246e68f8fa9721cc29ec236bd9daee6f76dfca26b3ddd7625676a5c2f9c?s=96&d=blank&r=g","caption":"MasterInnova"}}]}},"_links":{"self":[{"href":"https:\/\/www.centroinnova.net\/ca\/wp-json\/wp\/v2\/posts\/40828","targetHints":{"allow":["GET"]}}],"collection":[{"href":"https:\/\/www.centroinnova.net\/ca\/wp-json\/wp\/v2\/posts"}],"about":[{"href":"https:\/\/www.centroinnova.net\/ca\/wp-json\/wp\/v2\/types\/post"}],"author":[{"embeddable":true,"href":"https:\/\/www.centroinnova.net\/ca\/wp-json\/wp\/v2\/users\/5"}],"replies":[{"embeddable":true,"href":"https:\/\/www.centroinnova.net\/ca\/wp-json\/wp\/v2\/comments?post=40828"}],"version-history":[{"count":7,"href":"https:\/\/www.centroinnova.net\/ca\/wp-json\/wp\/v2\/posts\/40828\/revisions"}],"predecessor-version":[{"id":43711,"href":"https:\/\/www.centroinnova.net\/ca\/wp-json\/wp\/v2\/posts\/40828\/revisions\/43711"}],"wp:featuredmedia":[{"embeddable":true,"href":"https:\/\/www.centroinnova.net\/ca\/wp-json\/wp\/v2\/media\/40784"}],"wp:attachment":[{"href":"https:\/\/www.centroinnova.net\/ca\/wp-json\/wp\/v2\/media?parent=40828"}],"wp:term":[{"taxonomy":"category","embeddable":true,"href":"https:\/\/www.centroinnova.net\/ca\/wp-json\/wp\/v2\/categories?post=40828"},{"taxonomy":"post_tag","embeddable":true,"href":"https:\/\/www.centroinnova.net\/ca\/wp-json\/wp\/v2\/tags?post=40828"}],"curies":[{"name":"wp","href":"https:\/\/api.w.org\/{rel}","templated":true}]}}